{"id":816,"date":"2014-07-20T18:27:44","date_gmt":"2014-07-20T17:27:44","guid":{"rendered":"\/portae\/?p=816"},"modified":"2014-10-06T18:42:37","modified_gmt":"2014-10-06T17:42:37","slug":"lheure-menestrelle-21-juillet","status":"publish","type":"post","link":"https:\/\/www.savage-spirit.com\/portae\/lheure-menestrelle-21-juillet\/","title":{"rendered":"L&rsquo;Heure M\u00e9nestrelle \u2013 21 JUILLET"},"content":{"rendered":"<div id=\"attachment_314\" style=\"width: 224px\" class=\"wp-caption alignleft\"><a href=\"\/portae\/wp-content\/uploads\/2014\/01\/cadre-staff-mariel.jpg\"><img loading=\"lazy\" decoding=\"async\" aria-describedby=\"caption-attachment-314\" class=\" wp-image-314  \" alt=\"cadre staff mariel\" src=\"\/portae\/wp-content\/uploads\/2014\/01\/cadre-staff-mariel.jpg\" width=\"214\" height=\"214\" srcset=\"https:\/\/www.savage-spirit.com\/portae\/wp-content\/uploads\/2014\/01\/cadre-staff-mariel.jpg 595w, https:\/\/www.savage-spirit.com\/portae\/wp-content\/uploads\/2014\/01\/cadre-staff-mariel-150x150.jpg 150w, https:\/\/www.savage-spirit.com\/portae\/wp-content\/uploads\/2014\/01\/cadre-staff-mariel-300x300.jpg 300w, https:\/\/www.savage-spirit.com\/portae\/wp-content\/uploads\/2014\/01\/cadre-staff-mariel-80x80.jpg 80w, https:\/\/www.savage-spirit.com\/portae\/wp-content\/uploads\/2014\/01\/cadre-staff-mariel-118x118.jpg 118w, https:\/\/www.savage-spirit.com\/portae\/wp-content\/uploads\/2014\/01\/cadre-staff-mariel-239x239.jpg 239w\" sizes=\"auto, (max-width: 214px) 100vw, 214px\" \/><\/a><p id=\"caption-attachment-314\" class=\"wp-caption-text\">Mariel, animateur de l\u2019\u00e9mission<br \/>\u00ab l\u2019Heure M\u00e9nestrelle \u00bb<\/p><\/div>\n<p>Savage Spirit Radio vous invite \u00e0 retrouver tr\u00e8s prochainement votre nouvelle \u00e9mission \u00ab\u00a0l&rsquo;Heure M\u00e9nestrelle\u00a0\u00bb. Anim\u00e9e par Mariel, sa prochaine diffusion aura lieu le lundi 21 juillet \u00e0 20h30. (GMT+1)<\/p>\n<p>Ces \u00e9missions originales sont l&rsquo;occasion de d\u00e9couvrir des \u0153uvres musicales \u00e9voquant les forces et les gr\u00e2ces de la nature, les croyances et les traditions des peuples d\u2019Europe et du monde, sugg\u00e9rant des voyages \u00e0 travers l\u2019espace et le temps.<\/p>\n<p>N&rsquo;h\u00e9sitez pas \u00e0 rejoindre Mariel \u00e0 cette occasion en vous connectant directement \u00e0 l&rsquo;adresse suivante lundi 21 juillet : <a href=\"http:\/\/savage-spirit.com\/radio\/\">http:\/\/savage-spirit.com\/radio\/<\/a><\/p>\n<p>&nbsp;<\/p>\n<p>&nbsp;<\/p>\n<p><strong><span style=\"text-decoration: underline\">R\u00e9trospective de l&rsquo;Heure M\u00e9nestrelle du 21 juin 2014 :<\/span><\/strong><\/p>\n<p>Cette \u00e9dition de l&rsquo;Heure M\u00e9nestrelle \u00e9tait d\u00e9di\u00e9e \u00e0 l&rsquo;\u00e9t\u00e9. Voici la liste des morceaux jou\u00e9s :<\/p>\n<p><em><\/em><em>Am&rsquo;ganesha&rsquo;n &#8211; Solstice<br \/>\nCaprice &#8211; Summer<br \/>\n\u0414\u0430\u0445\u0430\u0411\u0440\u0430\u0445\u0430 &#8211; Ivana Kupala [DakhaBrakha &#8211; Ivana Kupala]<br \/>\nI\u013c\u0123i &#8211; Treis vosoras satur\u0113ju (Three Summers I Held)<br \/>\nOmnia &#8211; Alive!<br \/>\nThe Bothy Band &#8211; Tiochfaidh an Samhradh (Summer Will Come)<br \/>\nFaun &#8211; Tempus transit<br \/>\nAd Vielle Que Pourra &#8211; Larid\u00e9 D.T.\/Polka D&rsquo;\u00c9t\u00e9<br \/>\nSowulo &#8211; Litha<br \/>\nEstampie &#8211; Summersunne<br \/>\nMalicorne &#8211; Voici la Saint Jean (ronde)<br \/>\n\u0417\u044c\u043d\u0456\u0447 &#8211; \u041a\u0443\u043f\u0430\u043b\u0430 \u041d\u0430 \u0419\u0432\u0430\u043d\u0430! [Znich &#8211; Kupala na Jvana!]<br \/>\nHagalaz&rsquo; Runedance &#8211; Solstice Past<br \/>\nXVII\u00b0 Vie &#8211; Solstice<\/em><\/p>\n","protected":false},"excerpt":{"rendered":"<p>Savage Spirit Radio vous invite \u00e0 retrouver tr\u00e8s prochainement votre nouvelle \u00e9mission \u00ab\u00a0l&rsquo;Heure M\u00e9nestrelle\u00a0\u00bb. Anim\u00e9e par Mariel, sa prochaine diffusion aura lieu le lundi 21 juillet \u00e0 20h30. (GMT+1) Ces \u00e9missions originales sont l&rsquo;occasion de d\u00e9couvrir des \u0153uvres musicales \u00e9voquant les forces et les gr\u00e2ces de la nature, les croyances et les traditions des peuples&#8230;<\/p>\n","protected":false},"author":8,"featured_media":737,"comment_status":"open","ping_status":"open","sticky":false,"template":"","format":"standard","meta":{"footnotes":""},"categories":[19],"tags":[229,224,176,226,230,121,162,234,227,103,125,235,130,106,228,233,232,225,231],"class_list":["post-816","post","type-post","status-publish","format-standard","has-post-thumbnail","hentry","category-lheure-menestrelle","tag-ad-vielle-que-pourra","tag-amganeshan","tag-caprice","tag-dakhabrakha","tag-estampie","tag-faun","tag-hagalaz-runedance","tag-heure","tag-ilgi","tag-lheure-menestrelle-2","tag-malicorne","tag-menestrelle","tag-omnia","tag-sowulo","tag-the-bothy-band","tag-xvii-vie","tag-znich","tag-225","tag-231"],"_links":{"self":[{"href":"https:\/\/www.savage-spirit.com\/portae\/wp-json\/wp\/v2\/posts\/816","targetHints":{"allow":["GET"]}}],"collection":[{"href":"https:\/\/www.savage-spirit.com\/portae\/wp-json\/wp\/v2\/posts"}],"about":[{"href":"https:\/\/www.savage-spirit.com\/portae\/wp-json\/wp\/v2\/types\/post"}],"author":[{"embeddable":true,"href":"https:\/\/www.savage-spirit.com\/portae\/wp-json\/wp\/v2\/users\/8"}],"replies":[{"embeddable":true,"href":"https:\/\/www.savage-spirit.com\/portae\/wp-json\/wp\/v2\/comments?post=816"}],"version-history":[{"count":3,"href":"https:\/\/www.savage-spirit.com\/portae\/wp-json\/wp\/v2\/posts\/816\/revisions"}],"predecessor-version":[{"id":829,"href":"https:\/\/www.savage-spirit.com\/portae\/wp-json\/wp\/v2\/posts\/816\/revisions\/829"}],"wp:featuredmedia":[{"embeddable":true,"href":"https:\/\/www.savage-spirit.com\/portae\/wp-json\/wp\/v2\/media\/737"}],"wp:attachment":[{"href":"https:\/\/www.savage-spirit.com\/portae\/wp-json\/wp\/v2\/media?parent=816"}],"wp:term":[{"taxonomy":"category","embeddable":true,"href":"https:\/\/www.savage-spirit.com\/portae\/wp-json\/wp\/v2\/categories?post=816"},{"taxonomy":"post_tag","embeddable":true,"href":"https:\/\/www.savage-spirit.com\/portae\/wp-json\/wp\/v2\/tags?post=816"}],"curies":[{"name":"wp","href":"https:\/\/api.w.org\/{rel}","templated":true}]}}