{"id":810,"date":"2014-06-17T20:20:41","date_gmt":"2014-06-17T19:20:41","guid":{"rendered":"\/portae\/?p=810"},"modified":"2014-07-20T18:27:02","modified_gmt":"2014-07-20T17:27:02","slug":"lheure-menestrelle-21-juin","status":"publish","type":"post","link":"https:\/\/www.savage-spirit.com\/portae\/lheure-menestrelle-21-juin\/","title":{"rendered":"L&rsquo;Heure M\u00e9nestrelle \u2013 21 JUIN"},"content":{"rendered":"<div id=\"attachment_314\" style=\"width: 224px\" class=\"wp-caption alignleft\"><a href=\"\/portae\/wp-content\/uploads\/2014\/01\/cadre-staff-mariel.jpg\"><img loading=\"lazy\" decoding=\"async\" aria-describedby=\"caption-attachment-314\" class=\" wp-image-314  \" alt=\"cadre staff mariel\" src=\"\/portae\/wp-content\/uploads\/2014\/01\/cadre-staff-mariel.jpg\" width=\"214\" height=\"214\" srcset=\"https:\/\/www.savage-spirit.com\/portae\/wp-content\/uploads\/2014\/01\/cadre-staff-mariel.jpg 595w, https:\/\/www.savage-spirit.com\/portae\/wp-content\/uploads\/2014\/01\/cadre-staff-mariel-150x150.jpg 150w, https:\/\/www.savage-spirit.com\/portae\/wp-content\/uploads\/2014\/01\/cadre-staff-mariel-300x300.jpg 300w, https:\/\/www.savage-spirit.com\/portae\/wp-content\/uploads\/2014\/01\/cadre-staff-mariel-80x80.jpg 80w, https:\/\/www.savage-spirit.com\/portae\/wp-content\/uploads\/2014\/01\/cadre-staff-mariel-118x118.jpg 118w, https:\/\/www.savage-spirit.com\/portae\/wp-content\/uploads\/2014\/01\/cadre-staff-mariel-239x239.jpg 239w\" sizes=\"auto, (max-width: 214px) 100vw, 214px\" \/><\/a><p id=\"caption-attachment-314\" class=\"wp-caption-text\">Mariel, animateur de l\u2019\u00e9mission<br \/>\u00ab l\u2019Heure M\u00e9nestrelle \u00bb<\/p><\/div>\n<p>Savage Spirit Radio vous invite \u00e0 retrouver tr\u00e8s prochainement votre nouvelle \u00e9mission<br \/>\n\u00ab\u00a0l&rsquo;Heure M\u00e9nestrelle\u00a0\u00bb. Anim\u00e9e par Mariel, sa prochaine diffusion aura lieu le samedi 21 juin \u00e0 20h. (GMT+1)<\/p>\n<p>Ces \u00e9missions originales sont l&rsquo;occasion de d\u00e9couvrir des \u0153uvres musicales \u00e9voquant les forces et les gr\u00e2ces de la nature, les croyances et les traditions des peuples d\u2019Europe et du monde, sugg\u00e9rant des voyages \u00e0 travers l\u2019espace et le temps.<\/p>\n<p>N&rsquo;h\u00e9sitez pas \u00e0 rejoindre Mariel \u00e0 cette occasion en vous connectant directement \u00e0 l&rsquo;adresse suivante samedi 21 juin : <a href=\"http:\/\/savage-spirit.com\/radio\/\">http:\/\/savage-spirit.com\/radio\/<\/a><\/p>\n<p>&nbsp;<\/p>\n<p>&nbsp;<\/p>\n<p><strong><span style=\"text-decoration: underline\">R\u00e9trospective de l&rsquo;Heure M\u00e9nestrelle du 22 mai 2014 :<\/span><\/strong><\/p>\n<p>Cette \u00e9mission de l&rsquo;Heure M\u00e9nestrelle \u00e9tait d\u00e9di\u00e9e \u00e0 la musique des Balkans. Voici la liste des morceaux jou\u00e9s :<\/p>\n<p><em><\/em><em>Irfan &#8211; Otkrovenie<br \/>\nFrancesco Banchini &#8211; Ceznje prozeti<br \/>\nTaraf de Ha\u00efdouks &#8211; Turceasca<br \/>\nDectera Lugh &#8211; Subrali Sa Se<br \/>\nDivna Ljubojevi\u0107 \u2013 \u0421 \u043d\u0430\u043c\u0438 \u0431\u043e\u0433<br \/>\nDikanda &#8211; Ederlezi<br \/>\nNegur\u0103 Bunget \u2013 T\u0103ul f\u0103r\u0103 fund<br \/>\nA Hawk and a Hacksaw &#8211; Gadje Sirba<br \/>\nGoran Bregovi\u0107 &#8211; Bubamara<br \/>\nEsma Red\u017eepova &#8211; \u010caje \u0161ukarije<br \/>\nTaraf de Ha\u00efdouks &#8211; Spune, Spune, Mos Bratin<\/em><\/p>\n","protected":false},"excerpt":{"rendered":"<p>Savage Spirit Radio vous invite \u00e0 retrouver tr\u00e8s prochainement votre nouvelle \u00e9mission \u00ab\u00a0l&rsquo;Heure M\u00e9nestrelle\u00a0\u00bb. Anim\u00e9e par Mariel, sa prochaine diffusion aura lieu le samedi 21 juin \u00e0 20h. (GMT+1) Ces \u00e9missions originales sont l&rsquo;occasion de d\u00e9couvrir des \u0153uvres musicales \u00e9voquant les forces et les gr\u00e2ces de la nature, les croyances et les traditions des peuples&#8230;<\/p>\n","protected":false},"author":8,"featured_media":737,"comment_status":"open","ping_status":"open","sticky":false,"template":"","format":"standard","meta":{"footnotes":""},"categories":[19],"tags":[133,218,220,219,223,216,222,234,163,103,235,221,217],"class_list":["post-810","post","type-post","status-publish","format-standard","has-post-thumbnail","hentry","category-lheure-menestrelle","tag-a-hawk-and-a-hacksaw","tag-dectera-lugh","tag-dikanda","tag-divna-ljubojevic","tag-esma-redzepova","tag-francesco-banchini","tag-goran-bregovic","tag-heure","tag-irfan","tag-lheure-menestrelle-2","tag-menestrelle","tag-negura-bunget","tag-taraf-de-haidouks"],"_links":{"self":[{"href":"https:\/\/www.savage-spirit.com\/portae\/wp-json\/wp\/v2\/posts\/810","targetHints":{"allow":["GET"]}}],"collection":[{"href":"https:\/\/www.savage-spirit.com\/portae\/wp-json\/wp\/v2\/posts"}],"about":[{"href":"https:\/\/www.savage-spirit.com\/portae\/wp-json\/wp\/v2\/types\/post"}],"author":[{"embeddable":true,"href":"https:\/\/www.savage-spirit.com\/portae\/wp-json\/wp\/v2\/users\/8"}],"replies":[{"embeddable":true,"href":"https:\/\/www.savage-spirit.com\/portae\/wp-json\/wp\/v2\/comments?post=810"}],"version-history":[{"count":2,"href":"https:\/\/www.savage-spirit.com\/portae\/wp-json\/wp\/v2\/posts\/810\/revisions"}],"predecessor-version":[{"id":812,"href":"https:\/\/www.savage-spirit.com\/portae\/wp-json\/wp\/v2\/posts\/810\/revisions\/812"}],"wp:featuredmedia":[{"embeddable":true,"href":"https:\/\/www.savage-spirit.com\/portae\/wp-json\/wp\/v2\/media\/737"}],"wp:attachment":[{"href":"https:\/\/www.savage-spirit.com\/portae\/wp-json\/wp\/v2\/media?parent=810"}],"wp:term":[{"taxonomy":"category","embeddable":true,"href":"https:\/\/www.savage-spirit.com\/portae\/wp-json\/wp\/v2\/categories?post=810"},{"taxonomy":"post_tag","embeddable":true,"href":"https:\/\/www.savage-spirit.com\/portae\/wp-json\/wp\/v2\/tags?post=810"}],"curies":[{"name":"wp","href":"https:\/\/api.w.org\/{rel}","templated":true}]}}