{"id":775,"date":"2014-04-20T17:26:18","date_gmt":"2014-04-20T16:26:18","guid":{"rendered":"\/portae\/?p=775"},"modified":"2014-10-06T18:41:24","modified_gmt":"2014-10-06T17:41:24","slug":"lheure-menestrelle-22-avril","status":"publish","type":"post","link":"https:\/\/www.savage-spirit.com\/portae\/lheure-menestrelle-22-avril\/","title":{"rendered":"L&rsquo;Heure M\u00e9nestrelle &#8211; 22 AVRIL"},"content":{"rendered":"<div id=\"attachment_314\" style=\"width: 224px\" class=\"wp-caption alignleft\"><a href=\"\/portae\/wp-content\/uploads\/2014\/01\/cadre-staff-mariel.jpg\"><img loading=\"lazy\" decoding=\"async\" aria-describedby=\"caption-attachment-314\" class=\" wp-image-314  \" alt=\"cadre staff mariel\" src=\"\/portae\/wp-content\/uploads\/2014\/01\/cadre-staff-mariel.jpg\" width=\"214\" height=\"214\" srcset=\"https:\/\/www.savage-spirit.com\/portae\/wp-content\/uploads\/2014\/01\/cadre-staff-mariel.jpg 595w, https:\/\/www.savage-spirit.com\/portae\/wp-content\/uploads\/2014\/01\/cadre-staff-mariel-150x150.jpg 150w, https:\/\/www.savage-spirit.com\/portae\/wp-content\/uploads\/2014\/01\/cadre-staff-mariel-300x300.jpg 300w, https:\/\/www.savage-spirit.com\/portae\/wp-content\/uploads\/2014\/01\/cadre-staff-mariel-80x80.jpg 80w, https:\/\/www.savage-spirit.com\/portae\/wp-content\/uploads\/2014\/01\/cadre-staff-mariel-118x118.jpg 118w, https:\/\/www.savage-spirit.com\/portae\/wp-content\/uploads\/2014\/01\/cadre-staff-mariel-239x239.jpg 239w\" sizes=\"auto, (max-width: 214px) 100vw, 214px\" \/><\/a><p id=\"caption-attachment-314\" class=\"wp-caption-text\">Mariel, animateur de l\u2019\u00e9mission<br \/>\u00ab l\u2019Heure M\u00e9nestrelle \u00bb<\/p><\/div>\n<p>Savage Spirit Radio vous invite \u00e0 retrouver tr\u00e8s prochainement votre nouvelle \u00e9mission<br \/>\n\u00ab\u00a0l&rsquo;Heure M\u00e9nestrelle\u00a0\u00bb. Anim\u00e9e par Mariel, sa prochaine diffusion aura lieu le mardi 22 avril \u00e0 20h. (GMT+1)<\/p>\n<p>Ces \u00e9missions originales sont l&rsquo;occasion de d\u00e9couvrir des \u0153uvres musicales \u00e9voquant les forces et les gr\u00e2ces de la nature, les croyances et les traditions des peuples d\u2019Europe et du monde, sugg\u00e9rant des voyages \u00e0 travers l\u2019espace et le temps.<\/p>\n<p>N&rsquo;h\u00e9sitez pas \u00e0 rejoindre Mariel \u00e0 cette occasion en vous connectant directement \u00e0 l&rsquo;adresse suivante mardi 22 avril : <a href=\"http:\/\/savage-spirit.com\/radio\/\">http:\/\/savage-spirit.com\/radio\/<\/a><\/p>\n<p>&nbsp;<\/p>\n<p>&nbsp;<\/p>\n<p><strong><span style=\"text-decoration: underline\">R\u00e9trospective de l&rsquo;Heure M\u00e9nestrelle du 8 avril 2014 :<\/span><\/strong><\/p>\n<p>Une \u00e9dition de l&rsquo;Heure M\u00e9nestrelle sp\u00e9ciale Scandinavie m\u00e9lancolique, avec une s\u00e9lection musicale \u00e9voquant les fjords brumeux et les mornes for\u00eats nordiques. Voici la liste des morceaux jou\u00e9s :<\/p>\n<p><em><\/em><em>Omnia &#8211; Namndemans-Ola<br \/>\nAsynje &#8211; I Skoven<br \/>\nStorm &#8211; Lokk<br \/>\nOtyg &#8211; Skymningsdans<br \/>\nHedningarna &#8211; T\u00e4ppmarschen<br \/>\nValravn &#8211; Dromte mig en drom i nat<br \/>\nHuldre &#8211; Beirblakken<br \/>\nG\u00e5te &#8211; Jygri<br \/>\nS\u00f3lstafir &#8211; Fjara<br \/>\nBurzum &#8211; Ek fellr<br \/>\nGjallarhorn &#8211; Hymn<br \/>\nTriakel &#8211; Emma solo<br \/>\nVirelai &#8211; Kongeb\u00f8rnene<br \/>\nWardruna &#8211; Helvegen<br \/>\nFaun &#8211; Brynhildur T\u00e1ttur<\/em><\/p>\n","protected":false},"excerpt":{"rendered":"<p>Savage Spirit Radio vous invite \u00e0 retrouver tr\u00e8s prochainement votre nouvelle \u00e9mission \u00ab\u00a0l&rsquo;Heure M\u00e9nestrelle\u00a0\u00bb. Anim\u00e9e par Mariel, sa prochaine diffusion aura lieu le mardi 22 avril \u00e0 20h. (GMT+1) Ces \u00e9missions originales sont l&rsquo;occasion de d\u00e9couvrir des \u0153uvres musicales \u00e9voquant les forces et les gr\u00e2ces de la nature, les croyances et les traditions des peuples&#8230;<\/p>\n","protected":false},"author":8,"featured_media":737,"comment_status":"open","ping_status":"open","sticky":false,"template":"","format":"standard","meta":{"footnotes":""},"categories":[19],"tags":[122,123,121,197,182,194,234,196,103,235,130,193,198,192,199,195,200,201],"class_list":["post-775","post","type-post","status-publish","format-standard","has-post-thumbnail","hentry","category-lheure-menestrelle","tag-asynje","tag-burzum","tag-faun","tag-gate","tag-gjallarhorn","tag-hedningarna","tag-heure","tag-huldre","tag-lheure-menestrelle-2","tag-menestrelle","tag-omnia","tag-otyg","tag-solstafir","tag-storm","tag-triakel","tag-valravn","tag-virelai","tag-wardruna"],"_links":{"self":[{"href":"https:\/\/www.savage-spirit.com\/portae\/wp-json\/wp\/v2\/posts\/775","targetHints":{"allow":["GET"]}}],"collection":[{"href":"https:\/\/www.savage-spirit.com\/portae\/wp-json\/wp\/v2\/posts"}],"about":[{"href":"https:\/\/www.savage-spirit.com\/portae\/wp-json\/wp\/v2\/types\/post"}],"author":[{"embeddable":true,"href":"https:\/\/www.savage-spirit.com\/portae\/wp-json\/wp\/v2\/users\/8"}],"replies":[{"embeddable":true,"href":"https:\/\/www.savage-spirit.com\/portae\/wp-json\/wp\/v2\/comments?post=775"}],"version-history":[{"count":8,"href":"https:\/\/www.savage-spirit.com\/portae\/wp-json\/wp\/v2\/posts\/775\/revisions"}],"predecessor-version":[{"id":824,"href":"https:\/\/www.savage-spirit.com\/portae\/wp-json\/wp\/v2\/posts\/775\/revisions\/824"}],"wp:featuredmedia":[{"embeddable":true,"href":"https:\/\/www.savage-spirit.com\/portae\/wp-json\/wp\/v2\/media\/737"}],"wp:attachment":[{"href":"https:\/\/www.savage-spirit.com\/portae\/wp-json\/wp\/v2\/media?parent=775"}],"wp:term":[{"taxonomy":"category","embeddable":true,"href":"https:\/\/www.savage-spirit.com\/portae\/wp-json\/wp\/v2\/categories?post=775"},{"taxonomy":"post_tag","embeddable":true,"href":"https:\/\/www.savage-spirit.com\/portae\/wp-json\/wp\/v2\/tags?post=775"}],"curies":[{"name":"wp","href":"https:\/\/api.w.org\/{rel}","templated":true}]}}